{"id":6,"date":"2006-01-05T08:10:44","date_gmt":"2006-01-05T08:10:44","guid":{"rendered":"http:\/\/bubenhofer.com\/sprechtakel\/?p=6"},"modified":"2006-01-05T08:10:44","modified_gmt":"2006-01-05T08:10:44","slug":"ba%c2%bcrgers-rechtschreibrevolution","status":"publish","type":"post","link":"https:\/\/www.bubenhofer.com\/sprechtakel\/2006\/01\/05\/ba%c2%bcrgers-rechtschreibrevolution\/","title":{"rendered":"B\u00fcrger&#8217;s Rechtschreibrevolution"},"content":{"rendered":"<p>Der <a href=\"http:\/\/www.spiegel.de\/spiegel\/0,1518,393000,00.html\">Spiegel schreibt im Januarheft<\/a> wieder mal \u00fcber die richtige Schreibe und meint: <\/p>\n<blockquote><p>Doch etwas Eigenartiges passiert: Die Reform ist in Kraft, aber die B\u00fcrger scheren sich nicht drum. Sie schreiben einfach weiter wie gehabt.<\/p><\/blockquote>\n<p> Da frage ich mich: Vielleicht scheren sich die B\u00fcrger sowieso \u00fcberhaupt nicht um irgendwelche Rechtschreibungen, egal ob reformiert oder nicht! Wenn es zum Beispiel in Ruedi&#8217;s Bar C\u00fcpli&#8217;s zum Aktion&#8217;s Prei&#8217;s gibt sind die &#8222;B\u00fcrger&#8220; einfach schon viel weiter als der alte und der neue Duden zusammen! Und wenn das Coop-Plakat r\u00e4t: &#8222;Bezahlen Sie mit Superpunkte&#8220;, dann m\u00fcssen wir nicht mehr um den Genitiv trauern, sondern k\u00f6nnen schon dem Dativ Adieu sagen. Von Dingen wie <a href=\"http:\/\/www.ib-klartext.de\/sprachblog_comments.php?id=-hitliste-zum-jahresende_0_14_0_C\">Sylvester und Gallerie<\/a> m\u00fcssen wir gar nicht mehr reden, wie Frau <strike>Balciks<\/strike> Balcik&#8217;s <a href=\"http:\/\/www.ib-klartext.de\/sprachblog_comments.php?id=-hitliste-zum-jahresende_0_14_0_C\">Google-Analyse<\/a> zeigt \u2013 schreiben nach <strike>Geh\u00f6r<\/strike> Geh\u00f6hr ist <a href=\"http:\/\/erfolgreich-schreiben.typepad.com\/schreiben_im_beruf_\/2005\/12\/behrdenrechtsch.html\">vorraussichtlich<\/a> sowieso einfacher&#8230;<\/p>\n<p>Also das mit dem Apostroph fand ich ja immer une catastrophe \u2013 aber langsam beginne ich mich daran zu gew\u00f6hnen!<\/p>\n","protected":false},"excerpt":{"rendered":"<p>Der Spiegel schreibt im Januarheft wieder mal \u00fcber die richtige Schreibe und meint: Doch etwas Eigenartiges passiert: Die Reform ist in Kraft, aber die B\u00fcrger scheren sich nicht drum. Sie schreiben einfach weiter wie gehabt. Da frage ich mich: Vielleicht &hellip; <a href=\"https:\/\/www.bubenhofer.com\/sprechtakel\/2006\/01\/05\/ba%c2%bcrgers-rechtschreibrevolution\/\">Weiterlesen <span class=\"meta-nav\">&rarr;<\/span><\/a><\/p>\n","protected":false},"author":1,"featured_media":0,"comment_status":"open","ping_status":"open","sticky":false,"template":"","format":"standard","meta":{"footnotes":""},"categories":[3],"tags":[],"class_list":["post-6","post","type-post","status-publish","format-standard","hentry","category-3-sprechtakel"],"_links":{"self":[{"href":"https:\/\/www.bubenhofer.com\/sprechtakel\/wp-json\/wp\/v2\/posts\/6","targetHints":{"allow":["GET"]}}],"collection":[{"href":"https:\/\/www.bubenhofer.com\/sprechtakel\/wp-json\/wp\/v2\/posts"}],"about":[{"href":"https:\/\/www.bubenhofer.com\/sprechtakel\/wp-json\/wp\/v2\/types\/post"}],"author":[{"embeddable":true,"href":"https:\/\/www.bubenhofer.com\/sprechtakel\/wp-json\/wp\/v2\/users\/1"}],"replies":[{"embeddable":true,"href":"https:\/\/www.bubenhofer.com\/sprechtakel\/wp-json\/wp\/v2\/comments?post=6"}],"version-history":[{"count":0,"href":"https:\/\/www.bubenhofer.com\/sprechtakel\/wp-json\/wp\/v2\/posts\/6\/revisions"}],"wp:attachment":[{"href":"https:\/\/www.bubenhofer.com\/sprechtakel\/wp-json\/wp\/v2\/media?parent=6"}],"wp:term":[{"taxonomy":"category","embeddable":true,"href":"https:\/\/www.bubenhofer.com\/sprechtakel\/wp-json\/wp\/v2\/categories?post=6"},{"taxonomy":"post_tag","embeddable":true,"href":"https:\/\/www.bubenhofer.com\/sprechtakel\/wp-json\/wp\/v2\/tags?post=6"}],"curies":[{"name":"wp","href":"https:\/\/api.w.org\/{rel}","templated":true}]}}