{"id":5,"date":"2006-01-04T07:34:09","date_gmt":"2006-01-04T07:34:09","guid":{"rendered":"http:\/\/bubenhofer.com\/sprechtakel\/?p=5"},"modified":"2006-01-04T07:34:09","modified_gmt":"2006-01-04T07:34:09","slug":"rafz","status":"publish","type":"post","link":"https:\/\/www.bubenhofer.com\/sprechtakel\/2006\/01\/04\/rafz\/","title":{"rendered":"Rafz?"},"content":{"rendered":"<p>Von Z\u00fcrich wissen wir es, von Hamburg auch, auch Aarau ist klar, Jonschwil ebenso und von vielen anderen Orten wissen wir, woher diese Namen eigentlich kommen und was sie bedeuten. Bis heute aber unklar: Rafz. Das D\u00f6rfchen im n\u00f6rdlichsten Norden des Kantons Z\u00fcrich an der Grenze zu Deutschland will seine namentliche Herkunft nicht verraten, wie in der <a href=\"http:\/\/www.nzz.ch\/2006\/01\/04\/zh\/articleDFXUZ.html\">heutigen NZZ<\/a> zu lesen ist.<\/p>\n<p>Haben die armen Rafzerinnen und Rafzer nun ein Identit\u00e4tsproblem, weil sie nicht wissen, woher sie kommen? Oder ist das Bed\u00fcrfnis nach etymologischer Kl\u00e4rung nur die verzweifelte Suche nach den Dingen hinter den Worten, die es sowieso nicht gibt?<\/p>\n<p>Der <a href=\"http:\/\/www.nzz.ch\/2006\/01\/04\/zh\/articleDFXUZ.html\">gleiche Artikel<\/a> zeigt auch, wie wir unser Leben nach Sprache richten, auch wenn sich diese als L\u00fcgen erweisen \u2013 und man trotzdem froh feiern kann: <\/p>\n<blockquote><p>Eine Urkunde des Klosters Rheinau, in der Rafz und weitere Orte in der Umgebung im Jahr 870 zum ersten Mal erw\u00e4hnt wurden, erweist sich als F\u00e4lschung. Richtig ist, dass die Siedlung zu diesem Zeitpunkt bereits bestanden hatte, doch erfolgte die Ersterw\u00e4hnung sp\u00e4ter. Aufgrund der falschen Daten hatte der Gemeinderat das 1100- Jahr-Jubil\u00e4um im Jahr 1970 mit dazugeh\u00f6riger Buchpremiere irrt\u00fcmlich zu fr\u00fch angesetzt. Jetzt kann sich Rafz Gedanken machen, wann der korrekte Geburtstag gefeiert werden k\u00f6nnte.<br \/>NZZ vom 4. Januar 2006<\/p><\/blockquote>\n","protected":false},"excerpt":{"rendered":"<p>Von Z\u00fcrich wissen wir es, von Hamburg auch, auch Aarau ist klar, Jonschwil ebenso und von vielen anderen Orten wissen wir, woher diese Namen eigentlich kommen und was sie bedeuten. Bis heute aber unklar: Rafz. Das D\u00f6rfchen im n\u00f6rdlichsten Norden &hellip; <a href=\"https:\/\/www.bubenhofer.com\/sprechtakel\/2006\/01\/04\/rafz\/\">Weiterlesen <span class=\"meta-nav\">&rarr;<\/span><\/a><\/p>\n","protected":false},"author":1,"featured_media":0,"comment_status":"open","ping_status":"open","sticky":false,"template":"","format":"standard","meta":{"footnotes":""},"categories":[3],"tags":[],"class_list":["post-5","post","type-post","status-publish","format-standard","hentry","category-3-sprechtakel"],"_links":{"self":[{"href":"https:\/\/www.bubenhofer.com\/sprechtakel\/wp-json\/wp\/v2\/posts\/5","targetHints":{"allow":["GET"]}}],"collection":[{"href":"https:\/\/www.bubenhofer.com\/sprechtakel\/wp-json\/wp\/v2\/posts"}],"about":[{"href":"https:\/\/www.bubenhofer.com\/sprechtakel\/wp-json\/wp\/v2\/types\/post"}],"author":[{"embeddable":true,"href":"https:\/\/www.bubenhofer.com\/sprechtakel\/wp-json\/wp\/v2\/users\/1"}],"replies":[{"embeddable":true,"href":"https:\/\/www.bubenhofer.com\/sprechtakel\/wp-json\/wp\/v2\/comments?post=5"}],"version-history":[{"count":0,"href":"https:\/\/www.bubenhofer.com\/sprechtakel\/wp-json\/wp\/v2\/posts\/5\/revisions"}],"wp:attachment":[{"href":"https:\/\/www.bubenhofer.com\/sprechtakel\/wp-json\/wp\/v2\/media?parent=5"}],"wp:term":[{"taxonomy":"category","embeddable":true,"href":"https:\/\/www.bubenhofer.com\/sprechtakel\/wp-json\/wp\/v2\/categories?post=5"},{"taxonomy":"post_tag","embeddable":true,"href":"https:\/\/www.bubenhofer.com\/sprechtakel\/wp-json\/wp\/v2\/tags?post=5"}],"curies":[{"name":"wp","href":"https:\/\/api.w.org\/{rel}","templated":true}]}}