{"id":391,"date":"2013-08-14T20:43:41","date_gmt":"2013-08-14T20:43:41","guid":{"rendered":"http:\/\/www.bubenhofer.com\/sprechtakel\/?p=391"},"modified":"2013-08-14T20:43:41","modified_gmt":"2013-08-14T20:43:41","slug":"die-welt-im-bundestag","status":"publish","type":"post","link":"https:\/\/www.bubenhofer.com\/sprechtakel\/2013\/08\/14\/die-welt-im-bundestag\/","title":{"rendered":"Die Welt im Bundestag"},"content":{"rendered":"<p>Die weite Welt ist oft Thema unter der Glaskuppel des Bundestags: Die Parteien versuchen sich auch in au\u00dfenpolitischen Themen voneinander zu differenzieren. Mit der Berechnung von Geocollocations kann analysiert werden, wie die Parlamentarierinnen und Parlamentarier \u00fcber Orte, Regionen und L\u00e4nder dieser Erde sprechen.<\/p>\n<div id=\"attachment_400\" style=\"width: 586px\" class=\"wp-caption alignnone\"><a href=\"http:\/\/www.bubenhofer.com\/sprechtakel\/wp-content\/uploads\/2013\/08\/btmapSPDBildschirmfoto-2013-08-14-um-15.54.51.png\"><img loading=\"lazy\" decoding=\"async\" aria-describedby=\"caption-attachment-400\" class=\" wp-image-400 \" alt=\"btmapSPDBildschirmfoto 2013-08-14 um 15.54.51\" src=\"http:\/\/www.bubenhofer.com\/sprechtakel\/wp-content\/uploads\/2013\/08\/btmapSPDBildschirmfoto-2013-08-14-um-15.54.51-1024x411.png\" width=\"576\" height=\"230\" srcset=\"https:\/\/www.bubenhofer.com\/sprechtakel\/wp-content\/uploads\/2013\/08\/btmapSPDBildschirmfoto-2013-08-14-um-15.54.51-1024x411.png 1024w, https:\/\/www.bubenhofer.com\/sprechtakel\/wp-content\/uploads\/2013\/08\/btmapSPDBildschirmfoto-2013-08-14-um-15.54.51-300x120.png 300w, https:\/\/www.bubenhofer.com\/sprechtakel\/wp-content\/uploads\/2013\/08\/btmapSPDBildschirmfoto-2013-08-14-um-15.54.51.png 1167w\" sizes=\"auto, (max-width: 576px) 100vw, 576px\" \/><\/a><p id=\"caption-attachment-400\" class=\"wp-caption-text\">Ausschnitt Geocollocations SPD: Typische W\u00f6rter in Verbindung mit Orten (siehe die Karten komplett auf <a href=\"http:\/\/www.bubenhofer.com\/geocollocations\/Bundestag\/\">bubenhofer.com\/geocollocations\/Bundestag\/<\/a>)<\/p><\/div>\n<p>Die folgenden Analysen basieren auf den Protokollen des Bundestags der 17. Wahlperiode, also der Zeit von 2009 bis 2013 (Korpus: Andreas Bl\u00e4ttes\u00a0<a href=\"http:\/\/polmine.sowi.uni-due.de\">PolMine<\/a>). Ein Blick in die vergangene Legislatur sagt mitunter mehr dar\u00fcber aus, was nach der Wahl zu erwarten ist, als die Wahlprogramme und Wahlreden.<\/p>\n<p>Ich berechnete pro Partei, welche W\u00f6rter \u00fcberzuf\u00e4llig h\u00e4ufig zusammen mit den jeweiligen Orten, Regionen oder L\u00e4ndern verwendet werden und visualisierte die Ergebnisse auf Karten. Unter <a href=\"http:\/\/www.bubenhofer.com\/geocollocations\/Bundestag\/\">bubenhofer.com\/geocollocations\/Bundestag\/<\/a> k\u00f6nnen die Karten im Detail eingesehen werden. Die technischen Details sind <a href=\"http:\/\/www.bubenhofer.com\/sprechtakel\/2013\/08\/06\/geocollocations-die-welt-der-zeit\/\">hier beschrieben<\/a>.<\/p>\n<p><!--more--><\/p>\n<h2>Russland: Wirtschaft oder Demokratie?<\/h2>\n<p>Auffallend ist zun\u00e4chst, dass die Parteien ihre au\u00dfenpolitischen Positionen unterschiedlich akzentuieren. Es gibt nat\u00fcrlich Hotspots, die bei allen Parteien Thema sind: Deutschland, die meisten europ\u00e4ischen L\u00e4nder, Russland, USA, China, Afghanistan, Indien etc. Doch erw\u00e4hnen CDU\/CSU beispielsweise Russland h\u00e4ufiger als alle anderen Parteien.<\/p>\n<div id=\"attachment_393\" style=\"width: 586px\" class=\"wp-caption alignnone\"><a href=\"http:\/\/www.bubenhofer.com\/sprechtakel\/wp-content\/uploads\/2013\/08\/btmapCDUBildschirmfoto-2013-08-14-um-15.52.26.png\"><img loading=\"lazy\" decoding=\"async\" aria-describedby=\"caption-attachment-393\" class=\" wp-image-393 \" alt=\"btmapCDUBildschirmfoto 2013-08-14 um 15.52.26\" src=\"http:\/\/www.bubenhofer.com\/sprechtakel\/wp-content\/uploads\/2013\/08\/btmapCDUBildschirmfoto-2013-08-14-um-15.52.26-1024x542.png\" width=\"576\" height=\"304\" srcset=\"https:\/\/www.bubenhofer.com\/sprechtakel\/wp-content\/uploads\/2013\/08\/btmapCDUBildschirmfoto-2013-08-14-um-15.52.26-1024x542.png 1024w, https:\/\/www.bubenhofer.com\/sprechtakel\/wp-content\/uploads\/2013\/08\/btmapCDUBildschirmfoto-2013-08-14-um-15.52.26-300x159.png 300w, https:\/\/www.bubenhofer.com\/sprechtakel\/wp-content\/uploads\/2013\/08\/btmapCDUBildschirmfoto-2013-08-14-um-15.52.26.png 1066w\" sizes=\"auto, (max-width: 576px) 100vw, 576px\" \/><\/a><p id=\"caption-attachment-393\" class=\"wp-caption-text\">Ausschnitt Geocollocations CDU\/CSU: Typische W\u00f6rter in Verbindung mit Orten (siehe die Karten komplett auf <a href=\"http:\/\/www.bubenhofer.com\/geocollocations\/Bundestag\/\">bubenhofer.com\/geocollocations\/Bundestag\/<\/a>)<\/p><\/div>\n<p>CDU\/CSU erw\u00e4hnen zusammen mit Russland Lexeme wie <em>politisch, wirtschaftlich, Interesse, Million, modern, Modernisierung<\/em>, die alle f\u00fcr das \u00f6konomische Interesse der amtierenden Regierung stehen. Die mit Russland angestrebte <em>Modernisierungspartnerschaft<\/em> geht allerdings auf den damaligen Au\u00dfenminister Frank-Walter Steinmeier (SPD) 2008 zur\u00fcck, ist aber auch von der aktuellen Regierung <a href=\"http:\/\/www.auswaertiges-amt.de\/DE\/Aussenpolitik\/RegionaleSchwerpunkte\/Russland\/Russland_node.html\">verfolgt<\/a>. Die anderen Parteien erw\u00e4hnen ebenfalls Lexeme, die das wirtschaftliche Interesse an Russland widerspiegeln, die Gr\u00fcnen sind aber die einzige Partei, die h\u00e4ufig auch <em>Demokratie<\/em> mit ins Spiel bringen, die Linke erw\u00e4hnt als einzige <em>Rechtsstaatlichkeit<\/em> auff\u00e4llig h\u00e4ufig. Bei allen Parteien spielen die Bem\u00fchungen um ein Abbau von Russlands Atomwaffenarsenal eine Rolle.<\/p>\n<h2>Afghanistan: Verantwortungsvolles Engagement oder sofort raus?<\/h2>\n<p>Ein anderer Hotspot bundesdeutscher Au\u00dfenpolitik ist Afghanistan:<\/p>\n<div id=\"attachment_392\" style=\"width: 620px\" class=\"wp-caption alignnone\"><a href=\"http:\/\/www.bubenhofer.com\/sprechtakel\/wp-content\/uploads\/2013\/08\/btmapCDUBildschirmfoto-2013-08-14-um-15.49.01.png\"><img loading=\"lazy\" decoding=\"async\" aria-describedby=\"caption-attachment-392\" class=\" wp-image-392      \" alt=\"btmapCDUBildschirmfoto 2013-08-14 um 15.49.01\" src=\"http:\/\/www.bubenhofer.com\/sprechtakel\/wp-content\/uploads\/2013\/08\/btmapCDUBildschirmfoto-2013-08-14-um-15.49.01.png\" width=\"610\" height=\"427\" srcset=\"https:\/\/www.bubenhofer.com\/sprechtakel\/wp-content\/uploads\/2013\/08\/btmapCDUBildschirmfoto-2013-08-14-um-15.49.01.png 952w, https:\/\/www.bubenhofer.com\/sprechtakel\/wp-content\/uploads\/2013\/08\/btmapCDUBildschirmfoto-2013-08-14-um-15.49.01-300x210.png 300w\" sizes=\"auto, (max-width: 610px) 100vw, 610px\" \/><\/a><p id=\"caption-attachment-392\" class=\"wp-caption-text\">Ausschnitt Geocollocations CDU\/CSU Afghanistan: Typische W\u00f6rter in Verbindung mit Orten (siehe die Karten komplett auf <a href=\"http:\/\/www.bubenhofer.com\/geocollocations\/Bundestag\/\">bubenhofer.com\/geocollocations\/Bundestag\/<\/a>)<\/p><\/div>\n<p>Die CDU\/CSU-Regierungsmitglieder und die Parlamentarier\/innen berichten \u00fcber die <em>Lage<\/em> des <em>Einsatzes<\/em>, die <em>Entwicklung<\/em> und betonen <em>Verantwortung, Engagement<\/em> und die <em>Abgabe<\/em> der <em>Verantwortung<\/em> an die afghanischen Streitkr\u00e4fte und den <em>Abzug<\/em> der Bundeswehr.<\/p>\n<div id=\"attachment_398\" style=\"width: 627px\" class=\"wp-caption alignnone\"><a href=\"http:\/\/www.bubenhofer.com\/sprechtakel\/wp-content\/uploads\/2013\/08\/btmapSPDBildschirmfoto-2013-08-14-um-15.49.35.png\"><img loading=\"lazy\" decoding=\"async\" aria-describedby=\"caption-attachment-398\" class=\" wp-image-398  \" alt=\"btmapSPDBildschirmfoto 2013-08-14 um 15.49.35\" src=\"http:\/\/www.bubenhofer.com\/sprechtakel\/wp-content\/uploads\/2013\/08\/btmapSPDBildschirmfoto-2013-08-14-um-15.49.35.png\" width=\"617\" height=\"389\" srcset=\"https:\/\/www.bubenhofer.com\/sprechtakel\/wp-content\/uploads\/2013\/08\/btmapSPDBildschirmfoto-2013-08-14-um-15.49.35.png 858w, https:\/\/www.bubenhofer.com\/sprechtakel\/wp-content\/uploads\/2013\/08\/btmapSPDBildschirmfoto-2013-08-14-um-15.49.35-300x188.png 300w\" sizes=\"auto, (max-width: 617px) 100vw, 617px\" \/><\/a><p id=\"caption-attachment-398\" class=\"wp-caption-text\">Ausschnitt Geocollocations SPD Afghanistan: Typische W\u00f6rter in Verbindung mit Orten (siehe die Karten komplett auf <a href=\"http:\/\/www.bubenhofer.com\/geocollocations\/Bundestag\/\">bubenhofer.com\/geocollocations\/Bundestag\/<\/a>)<\/p><\/div>\n<p>Die SPD redet ganz \u00e4hnlich \u00fcber Afghanistan, einzig <em>Korruption<\/em> ist ein auff\u00e4lliges Lexem in den Reden ihrer Abgeordneten.<\/p>\n<div id=\"attachment_397\" style=\"width: 592px\" class=\"wp-caption alignnone\"><a href=\"http:\/\/www.bubenhofer.com\/sprechtakel\/wp-content\/uploads\/2013\/08\/btmapLinkeBildschirmfoto-2013-08-14-um-15.49.18.png\"><img loading=\"lazy\" decoding=\"async\" aria-describedby=\"caption-attachment-397\" class=\" wp-image-397     \" alt=\"btmapLinkeBildschirmfoto 2013-08-14 um 15.49.18\" src=\"http:\/\/www.bubenhofer.com\/sprechtakel\/wp-content\/uploads\/2013\/08\/btmapLinkeBildschirmfoto-2013-08-14-um-15.49.18.png\" width=\"582\" height=\"390\" srcset=\"https:\/\/www.bubenhofer.com\/sprechtakel\/wp-content\/uploads\/2013\/08\/btmapLinkeBildschirmfoto-2013-08-14-um-15.49.18.png 809w, https:\/\/www.bubenhofer.com\/sprechtakel\/wp-content\/uploads\/2013\/08\/btmapLinkeBildschirmfoto-2013-08-14-um-15.49.18-300x200.png 300w\" sizes=\"auto, (max-width: 582px) 100vw, 582px\" \/><\/a><p id=\"caption-attachment-397\" class=\"wp-caption-text\">Ausschnitt Geocollocations Die Linke Afghanistan: Typische W\u00f6rter in Verbindung mit Orten (siehe die Karten komplett auf <a href=\"http:\/\/www.bubenhofer.com\/geocollocations\/Bundestag\/\">bubenhofer.com\/geocollocations\/Bundestag\/<\/a>)<\/p><\/div>\n<p>Anders die Linke, die von Kriegseinsatz und Krieg spricht, sowie vom sofortigen Abzug, und die humanit\u00e4re Lage erw\u00e4hnt. Auff\u00e4llig auch, dass bei der Linken zus\u00e4tzlich Pakistan im Zusammenhang mit <em>Kampfdrohnen<\/em> und <em>Krieg<\/em> erw\u00e4hnt wird.<\/p>\n<div id=\"attachment_396\" style=\"width: 618px\" class=\"wp-caption alignnone\"><a href=\"http:\/\/www.bubenhofer.com\/sprechtakel\/wp-content\/uploads\/2013\/08\/btmapGRUENEBildschirmfoto-2013-08-14-um-15.49.12.png\"><img loading=\"lazy\" decoding=\"async\" aria-describedby=\"caption-attachment-396\" class=\" wp-image-396\" alt=\"btmapGRUENEBildschirmfoto 2013-08-14 um 15.49.12\" src=\"http:\/\/www.bubenhofer.com\/sprechtakel\/wp-content\/uploads\/2013\/08\/btmapGRUENEBildschirmfoto-2013-08-14-um-15.49.12.png\" width=\"608\" height=\"490\" srcset=\"https:\/\/www.bubenhofer.com\/sprechtakel\/wp-content\/uploads\/2013\/08\/btmapGRUENEBildschirmfoto-2013-08-14-um-15.49.12.png 760w, https:\/\/www.bubenhofer.com\/sprechtakel\/wp-content\/uploads\/2013\/08\/btmapGRUENEBildschirmfoto-2013-08-14-um-15.49.12-300x241.png 300w\" sizes=\"auto, (max-width: 608px) 100vw, 608px\" \/><\/a><p id=\"caption-attachment-396\" class=\"wp-caption-text\">Ausschnitt Geocollocations Die Gr\u00fcnen Afghanistan: Typische W\u00f6rter in Verbindung mit Orten (siehe die Karten komplett auf <a href=\"http:\/\/www.bubenhofer.com\/geocollocations\/Bundestag\/\">bubenhofer.com\/geocollocations\/Bundestag\/<\/a>)<\/p><\/div>\n<p>Auch die Gr\u00fcnen reden wie die Linke bei Afghanistan von Krieg. Ansonsten \u00e4hneln sich die Lexeme allerdings derjenigen von CDU\/CSU und SPD.<\/p>\n<h2>Die Euro-Krise: Ein lokales Problem?<\/h2>\n<p>Die Karten erm\u00f6glichen neben solchen Detailanalysen aber auch eine andere Art von Analysen: In den Karten sind bestimmte Schl\u00fcsselw\u00f6rter, die signifikant h\u00e4ufig zusammen mit Ortsbezeichnungen auftreten, mit farbigen Linien miteinander verbunden. Damit wird erkennbar, ob es sich bei diesen Kollokatoren um Lexeme handelt, die weltweit im Zusammenhang mit verschiedenen Orten eine Rolle spielen, oder die auf eine bestimmte Region begrenzt sind.<\/p>\n<p>Der\u00a0<em>Euro<\/em>\u00a0ist im Zusammenhang mit der Wirtschaftskrise ein wichtiges Schl\u00fcsselwort. Interessant ist, dass in allen Parteien der Euro haupts\u00e4chlich mit den EU-Krisenl\u00e4ndern Spanien, Italien und Griechenland in Verbindung gebracht wird, au\u00dfer bei der SPD und der FDP. Die SPD erw\u00e4hnt praktisch nur Deutschland und deutsche Regionen im Zusammenhang mit der W\u00e4hrung (rosa Linien):<\/p>\n<div id=\"attachment_404\" style=\"width: 419px\" class=\"wp-caption alignnone\"><a href=\"http:\/\/www.bubenhofer.com\/sprechtakel\/wp-content\/uploads\/2013\/08\/mapEuroSPD.png\"><img loading=\"lazy\" decoding=\"async\" aria-describedby=\"caption-attachment-404\" class=\"size-full wp-image-404\" alt=\"mapEuroSPD\" src=\"http:\/\/www.bubenhofer.com\/sprechtakel\/wp-content\/uploads\/2013\/08\/mapEuroSPD.png\" width=\"409\" height=\"249\" srcset=\"https:\/\/www.bubenhofer.com\/sprechtakel\/wp-content\/uploads\/2013\/08\/mapEuroSPD.png 409w, https:\/\/www.bubenhofer.com\/sprechtakel\/wp-content\/uploads\/2013\/08\/mapEuroSPD-300x182.png 300w\" sizes=\"auto, (max-width: 409px) 100vw, 409px\" \/><\/a><p id=\"caption-attachment-404\" class=\"wp-caption-text\">Ausschnitt Geocollocations SPD \u2013 <i>Euro<\/i>: Typische W\u00f6rter in Verbindung mit Orten (siehe die Karten komplett auf <a href=\"http:\/\/www.bubenhofer.com\/geocollocations\/Bundestag\/\">bubenhofer.com\/geocollocations\/Bundestag\/<\/a>)<\/p><\/div>\n<p>Und die FDP erw\u00e4hnt den Euro im Zusammenhang mit Italien, Zypern, Iran (R\u00fcstungsexporte) und Tunesien (rosa Linie):<\/p>\n<div id=\"attachment_405\" style=\"width: 430px\" class=\"wp-caption alignnone\"><a href=\"http:\/\/www.bubenhofer.com\/sprechtakel\/wp-content\/uploads\/2013\/08\/mapEuroFDP.png\"><img loading=\"lazy\" decoding=\"async\" aria-describedby=\"caption-attachment-405\" class=\"size-full wp-image-405\" alt=\"mapEuroFDP\" src=\"http:\/\/www.bubenhofer.com\/sprechtakel\/wp-content\/uploads\/2013\/08\/mapEuroFDP.png\" width=\"420\" height=\"335\" srcset=\"https:\/\/www.bubenhofer.com\/sprechtakel\/wp-content\/uploads\/2013\/08\/mapEuroFDP.png 420w, https:\/\/www.bubenhofer.com\/sprechtakel\/wp-content\/uploads\/2013\/08\/mapEuroFDP-300x239.png 300w\" sizes=\"auto, (max-width: 420px) 100vw, 420px\" \/><\/a><p id=\"caption-attachment-405\" class=\"wp-caption-text\">Ausschnitt Geocollocations FDP \u2013 <i>Euro<\/i>: Typische W\u00f6rter in Verbindung mit Orten (siehe die Karten komplett auf <a href=\"http:\/\/www.bubenhofer.com\/geocollocations\/Bundestag\/\">bubenhofer.com\/geocollocations\/Bundestag\/<\/a>)<\/p><\/div>\n<p>Die W\u00e4hrung scheint f\u00fcr die FDP nur im Zusammenhang mit den Krisenl\u00e4ndern Italien und Zypern von Bedeutung zu sein (wobei immerhin im Fall von Griechenland von der <em>Euro-Zone<\/em> die Rede ist). Und f\u00fcr die SPD h\u00e4ngen Krise und Euro zumindest explizit nicht zusammen.<\/p>\n<h2>Globale und lokale Kollokatoren<\/h2>\n<p>Die L\u00e4nge der imaginierten Linien eines Kollokators \u00fcber die Punkte der Welt, an denen er erw\u00e4hnt wird, l\u00e4sst sich berechnen. So ist es m\u00f6glich, globale von lokalen Kollokatoren zu unterscheiden: Also W\u00f6rter, die im Zusammenhang mit ganz unterschiedlichen Orten weit verstreut \u00fcber die Welt erscheinen und W\u00f6rter, die nur in bestimmten Regionen als Attribute f\u00fcr diese Regionen verwendet werden.<\/p>\n<p><em>Land, Staat, Beispiel, Situation, Welt, Prozent, international, Mensch, politisch, Regierung, Entwicklung, Beziehung, wirtschaftlich, Partner, Konflikt<\/em> und <em>Lage<\/em> sind beispielsweise bei der CDU\/CSU h\u00e4ufige globale Kollokatoren. An <em>Partner<\/em> lassen sich beispielsweise gut die &#8222;Freunde&#8220; Deutschlands ablesen: USA, Russland, Afrika, Polen; wobei die Beziehung zu diesen Freunden wohl deshalb betont wird, weil sie nicht immer einfach ist. An\u00a0<em>Situation<\/em>\u00a0hingegen sind die Brennpunkte der internationalen Politik\u00a0sichtbar: Mali, Bosnien-Herzegowina, Libyen, Nordafrika, Ungarn, Griechenland, Sudan, Syrien, Somalia, Iran, Afghanistan, Indien, Ski-Lanka, Japan, Irland.<\/p>\n<p>Bei der SPD sind (neben den auch von der CDU\/CSU verwendeten W\u00f6rtern) Lexeme wie <em>Katastrophe<\/em> und <em>Fl\u00fcchtling<\/em> auff\u00e4llig unter den globalen Kollokatoren. Die SPD scheint also ein d\u00fcsteres Bild der Welt zu zeichnen.<\/p>\n<h2>Fazit<\/h2>\n<p>Diese erste Analyse ist eine erste Ann\u00e4herung an die Daten \u2013 es gilt noch weitere Beobachtungen zu machen.\u00a0Unter\u00a0<a href=\"http:\/\/www.bubenhofer.com\/geocollocations\/Bundestag\/\">bubenhofer.com\/geocollocations\/Bundestag\/<\/a>\u00a0k\u00f6nnen Sie selber analysieren und uns Ihre Beobachtungen mitteilen. Als erstes Fazit kann jedoch festgehalten werden, dass in der vergangenen Legislatur SPD und CDU\/CSU in der Au\u00dfenpolitik keine gro\u00dfen Differenzen aufwiesen \u2013 gerade auch im Umgang mit Russland sind alle Parteien sehr vorsichtig mit Kritik. Nur die Gr\u00fcnen und die Linke ist diesbez\u00fcglich ein klein wenig forscher. In Sachen Afghanistan liegt der Graben ebenfalls zwischen SPD-CDU\/CSU-FDP und der Linken und den Gr\u00fcnen. Die SPD zeigt auch au\u00dfenpolitisch nach den bisherigen Analysen kein eigenst\u00e4ndiges Profil.<\/p>\n","protected":false},"excerpt":{"rendered":"<p>Die weite Welt ist oft Thema unter der Glaskuppel des Bundestags: Die Parteien versuchen sich auch in au\u00dfenpolitischen Themen voneinander zu differenzieren. Mit der Berechnung von Geocollocations kann analysiert werden, wie die Parlamentarierinnen und Parlamentarier \u00fcber Orte, Regionen und L\u00e4nder &hellip; <a href=\"https:\/\/www.bubenhofer.com\/sprechtakel\/2013\/08\/14\/die-welt-im-bundestag\/\">Weiterlesen <span class=\"meta-nav\">&rarr;<\/span><\/a><\/p>\n","protected":false},"author":1,"featured_media":0,"comment_status":"open","ping_status":"open","sticky":false,"template":"","format":"standard","meta":{"footnotes":""},"categories":[4,3,65],"tags":[29,41,28,105,106,35],"class_list":["post-391","post","type-post","status-publish","format-standard","hentry","category-4-korpuslinguistik","category-3-sprechtakel","category-visual-linguistics","tag-geocollocations","tag-geotagging","tag-kollokationen","tag-politik","tag-visual-linguistics","tag-wahlen"],"_links":{"self":[{"href":"https:\/\/www.bubenhofer.com\/sprechtakel\/wp-json\/wp\/v2\/posts\/391","targetHints":{"allow":["GET"]}}],"collection":[{"href":"https:\/\/www.bubenhofer.com\/sprechtakel\/wp-json\/wp\/v2\/posts"}],"about":[{"href":"https:\/\/www.bubenhofer.com\/sprechtakel\/wp-json\/wp\/v2\/types\/post"}],"author":[{"embeddable":true,"href":"https:\/\/www.bubenhofer.com\/sprechtakel\/wp-json\/wp\/v2\/users\/1"}],"replies":[{"embeddable":true,"href":"https:\/\/www.bubenhofer.com\/sprechtakel\/wp-json\/wp\/v2\/comments?post=391"}],"version-history":[{"count":6,"href":"https:\/\/www.bubenhofer.com\/sprechtakel\/wp-json\/wp\/v2\/posts\/391\/revisions"}],"predecessor-version":[{"id":409,"href":"https:\/\/www.bubenhofer.com\/sprechtakel\/wp-json\/wp\/v2\/posts\/391\/revisions\/409"}],"wp:attachment":[{"href":"https:\/\/www.bubenhofer.com\/sprechtakel\/wp-json\/wp\/v2\/media?parent=391"}],"wp:term":[{"taxonomy":"category","embeddable":true,"href":"https:\/\/www.bubenhofer.com\/sprechtakel\/wp-json\/wp\/v2\/categories?post=391"},{"taxonomy":"post_tag","embeddable":true,"href":"https:\/\/www.bubenhofer.com\/sprechtakel\/wp-json\/wp\/v2\/tags?post=391"}],"curies":[{"name":"wp","href":"https:\/\/api.w.org\/{rel}","templated":true}]}}