{"id":39,"date":"2006-06-15T15:38:00","date_gmt":"2006-06-15T15:38:00","guid":{"rendered":"http:\/\/bubenhofer.com\/sprechtakel\/?p=39"},"modified":"2006-06-15T15:38:00","modified_gmt":"2006-06-15T15:38:00","slug":"arbeiten-und-arbeiten","status":"publish","type":"post","link":"https:\/\/www.bubenhofer.com\/sprechtakel\/2006\/06\/15\/arbeiten-und-arbeiten\/","title":{"rendered":"Arbeiten und &#8222;arbeiten&#8220;"},"content":{"rendered":"<p>Erst heute ist mir das <a href=\"http:\/\/www.tagblattzuerich.ch\/\">Tagblatt der Stadt Z\u00fcrich<\/a> von gestern in die H\u00e4nde gekommen. Und ehrlich gesagt war ich leicht geschockt \u00fcber diesen Titel:<\/p>\n<p><img decoding=\"async\" width='400' height='309' style=\"border: 0px; padding-left: 5px; padding-right: 5px;\" src=\"\/sprechtakel\/uploads\/Tagblatt_arbeiten.jpg\" alt=\"\" \/><\/p>\n<p>Der Artikel ist die Tagblatt-Variante <a href=\"http:\/\/www.tagesanzeiger.ch\/dyn\/news\/zuerich\/634916.html\">dieser Meldung<\/a> &#8212; aber da ging was schief:&#8230;<!--more-->&#8230;Es gibt anscheinend eine Unterscheidung von <i>arbeiten<\/i> und <i>&#8222;arbeiten&#8220;<\/i>. Das ist v\u00f6llig korrekt; die Anf\u00fchrungszeichen machen den Unterschied aus. Und sogar die Duden-Rechtschreibung macht auf den Unterschied aufmerksam. Neben den Grundfunktionen, wie Zitate oder Fachbegriffe hervorzuheben, nennt Paragraph 94:<\/p>\n<blockquote><p>Gelegentlich stehen Anf\u00fchrungszeichen auch zur ironischen Hervorhebung: <i>Er hat &#8222;nur&#8220; 2 Millionen auf dem Konto. Dieser &#8222;treue Freund&#8220; verriet ihn als Erster.<\/i><\/p><\/blockquote>\n<p>So, die Ausl\u00e4nder arbeiten zwar mehr als die Schweizer, doch, naja, sie &#8222;arbeiten&#8220; mehr. Plumper Verweis auf ein rassistisches Klischee? Lesen wir weiter. Es steht dann auch: <\/p>\n<blockquote><p>(&#8230;) Die Ausl\u00e4nderinnen und Ausl\u00e4nder sind anteilsm\u00e4ssig h\u00e4ufiger erwerbst\u00e4tig als die einheimische Wohnbev\u00f6lkerung. Sie arbeiten auch \u00f6fter Vollzeit und sind mehrheitlich als Unselbstst\u00e4ndige t\u00e4tig.<\/p><\/blockquote>\n<p>Hier also noch kein Unterschied zwischen <i>arbeiten<\/i> und <i>&#8222;arbeiten&#8220;<\/i>; doch hier:<\/p>\n<blockquote><p>Die 58 000 ausl\u00e4ndischen Arbeitskr\u00e4fte zeigen wesentliche Unterschiede beim Umfang ihrer Erwerbst\u00e4tigkeit. Der Ausbildungsstand, das Geschlecht, das Alter und nicht zuletzt die Herkunft sind entscheidend f\u00fcr eine Teilnahme am Arbeitsmarkt. (&#8230;)<\/p><\/blockquote>\n<p>Es wird klar, worauf der Titelmacher\/die Titelmacherin hinaus wollte: Im <i>Schnitt<\/i> arbeiten Ausl\u00e4nderinnen und Ausl\u00e4nder mehr, die <i>Streuung<\/i> der Besch\u00e4ftigungsgrade ist jedoch sehr gross. Ein interessantes Detail. Aber dieser Titel k\u00f6nnte doch schon als rassistisch aufgefasst werden. <\/p>\n<p>Ich h\u00e4tte jetzt gern mit einer korpuslinguistischen Analyse gezeigt, wie Anf\u00fchrungszeichen ironisierend oder relativierend eingesetzt werden &#8212; ich glaube, es gibt da eine breite Palette an Funktionen &#8211;, doch auf die Schnelle ist das nicht ganz so einfach. Google erlaubt leider keine gezielte Suche nach Sonderzeichen, bleibt nur <a href=\"http:\/\/www.google.com\/search?hl=de&#038;rls=de-de&#038;q=%22in+Anf\u00fchrungszeichen%22&#038;btnG=Suche&#038;lr=\">die Suchanfrage &#8222;in Anf\u00fchrungszeichen&#8220;<\/a>, was zumindest das hier hervorbringt:<\/p>\n<p>Diskussion in einem Forum \u00fcber die Kinderfrage: Soll ein weiteres Geschwister her? <\/p>\n<blockquote><p><a href=\"http:\/\/www.rund-ums-baby.de\/aktuell\/mebboard.php3?step=0&#038;range=20&#038;action=showMessage&#038;message_id=60847&#038;forum=159\">Schwoba-Papa<\/a>: (&#8230;) Nein, wir sind uns \u00fcber die &#8222;Nachteile&#8220; sehr wohl bewu\u00dft und haben\/m\u00fcssen uns von unserem Ideal verabschieden. (&#8230;)<\/p><\/blockquote>\n<p>Worauf Protest ge\u00e4ussert wird: <\/p>\n<blockquote><p><a href=\"http:\/\/www.rund-ums-baby.de\/aktuell\/mebboard.php3?step=0&#038;range=20&#038;action=showMessage&#038;message_id=60853&#038;forum=159\">mini99<\/a>: Betreff: Re: Nachteile so ein Quatsch! (&#8230;) Wie, welche Nachteile bitte? Ich finde ein Geschwisterchen ist was wunderbares, und es etwas so sch\u00f6nes f\u00fcr euren Sohn, glaube mir, ich habe einen Bruder und eine Schwester! Und von welchem Ideal verabschieden bitte??? (&#8230;)<\/p><\/blockquote>\n<p>Und dann, explizit:<\/p>\n<blockquote><p><a href=\"http:\/\/www.rund-ums-baby.de\/aktuell\/mebboard.php3?step=0&#038;range=20&#038;action=showMessage&#038;message_id=60868&#038;forum=159\">tinai<\/a>: Betreff: Schmarrn, es gibt keine Nachteile <b>auch nicht in Anf\u00fchrungszeichen<\/b>&#8230;<\/p><\/blockquote>\n<p>(Hervorhebung von mir.) Tja, es gibt eben <i>Nachteile<\/i> und <i>&#8222;Nachteile&#8220;<\/i>!<\/p>\n<p>Leider eines von wenigen Beispielen, bei dem die Funktion der Anf\u00fchrungszeichen so thematisiert wird. Eine detailliertere Untersuchung &#8212; oder: &#8222;Untersuchung&#8220; muss noch folgen. Doch vielleicht hat jemand ein sch\u00f6nes Beispiel aus der eigenen Sprechpraxis parat?<\/p>\n","protected":false},"excerpt":{"rendered":"<p>Erst heute ist mir das Tagblatt der Stadt Z\u00fcrich von gestern in die H\u00e4nde gekommen. Und ehrlich gesagt war ich leicht geschockt \u00fcber diesen Titel: Der Artikel ist die Tagblatt-Variante dieser Meldung &#8212; aber da ging was schief:&#8230;<\/p>\n","protected":false},"author":1,"featured_media":0,"comment_status":"open","ping_status":"open","sticky":false,"template":"","format":"standard","meta":{"footnotes":""},"categories":[3],"tags":[],"class_list":["post-39","post","type-post","status-publish","format-standard","hentry","category-3-sprechtakel"],"_links":{"self":[{"href":"https:\/\/www.bubenhofer.com\/sprechtakel\/wp-json\/wp\/v2\/posts\/39","targetHints":{"allow":["GET"]}}],"collection":[{"href":"https:\/\/www.bubenhofer.com\/sprechtakel\/wp-json\/wp\/v2\/posts"}],"about":[{"href":"https:\/\/www.bubenhofer.com\/sprechtakel\/wp-json\/wp\/v2\/types\/post"}],"author":[{"embeddable":true,"href":"https:\/\/www.bubenhofer.com\/sprechtakel\/wp-json\/wp\/v2\/users\/1"}],"replies":[{"embeddable":true,"href":"https:\/\/www.bubenhofer.com\/sprechtakel\/wp-json\/wp\/v2\/comments?post=39"}],"version-history":[{"count":0,"href":"https:\/\/www.bubenhofer.com\/sprechtakel\/wp-json\/wp\/v2\/posts\/39\/revisions"}],"wp:attachment":[{"href":"https:\/\/www.bubenhofer.com\/sprechtakel\/wp-json\/wp\/v2\/media?parent=39"}],"wp:term":[{"taxonomy":"category","embeddable":true,"href":"https:\/\/www.bubenhofer.com\/sprechtakel\/wp-json\/wp\/v2\/categories?post=39"},{"taxonomy":"post_tag","embeddable":true,"href":"https:\/\/www.bubenhofer.com\/sprechtakel\/wp-json\/wp\/v2\/tags?post=39"}],"curies":[{"name":"wp","href":"https:\/\/api.w.org\/{rel}","templated":true}]}}